{"id":953,"date":"2025-05-07T09:56:06","date_gmt":"2025-05-07T09:56:06","guid":{"rendered":"https:\/\/ugard.org\/?p=953"},"modified":"2025-05-07T09:56:07","modified_gmt":"2025-05-07T09:56:07","slug":"afetler-ayrim-yapmaz-projesi-icin-bir-araya-geldik","status":"publish","type":"post","link":"https:\/\/ugard.org.tr\/index.php\/2025\/05\/07\/afetler-ayrim-yapmaz-projesi-icin-bir-araya-geldik\/","title":{"rendered":"\u201cAfetler Ayr\u0131m Yapmaz\u201d projesi i\u00e7in bir araya geldik!"},"content":{"rendered":"\n<p>Gen\u00e7lik ve Spor Bakanl\u0131\u011f\u0131 Gen\u00e7lik Hizmetleri \u00dcN\u0130DES program\u0131 kapsam\u0131nda, Etik ve Sosyal Hizmet Toplulu\u011fu\u2019nun y\u00fcr\u00fct\u00fcc\u00fcl\u00fc\u011f\u00fcnde ve Uluslararas\u0131 Gen\u00e7 Aray\u0131\u015f Derne\u011fi\u2019nin payda\u015f oldu\u011fu \u201cAfetler Ayr\u0131m Yapmaz\u201d projesi i\u00e7in bir araya geldik!<\/p>\n\n\n\n<p>\u0130lk etkinli\u011fimiz 3-4 May\u0131s tarihlerinde \u201cEngellilikte Hak Temelli Yakla\u015f\u0131m ve Engel Gruplar\u0131nda \u0130leti\u015fim\u201d e\u011fitimi at\u00f6lye ve etkinliklerle ger\u00e7ekle\u015ftirdik. #engelliliktefark\u0131ndal\u0131k #afetlerayr\u0131myapmaz #\u00fcnides #gen\u00e7liksporbakanl\u0131\u011f\u0131<\/p>\n\n\n\n<figure class=\"wp-block-gallery has-nested-images columns-default is-cropped wp-block-gallery-1 is-layout-flex wp-block-gallery-is-layout-flex\">\n<figure class=\"wp-block-image size-large\"><img loading=\"lazy\" decoding=\"async\" width=\"1024\" height=\"768\" data-id=\"954\" src=\"https:\/\/ugard.org\/wp-content\/uploads\/2025\/05\/photo_2025-05-07_12-55-00-1024x768.jpg\" alt=\"\" class=\"wp-image-954\" srcset=\"https:\/\/ugard.org.tr\/wp-content\/uploads\/2025\/05\/photo_2025-05-07_12-55-00-1024x768.jpg 1024w, https:\/\/ugard.org.tr\/wp-content\/uploads\/2025\/05\/photo_2025-05-07_12-55-00-300x225.jpg 300w, https:\/\/ugard.org.tr\/wp-content\/uploads\/2025\/05\/photo_2025-05-07_12-55-00-768x576.jpg 768w, https:\/\/ugard.org.tr\/wp-content\/uploads\/2025\/05\/photo_2025-05-07_12-55-00.jpg 1280w\" sizes=\"auto, (max-width: 1024px) 100vw, 1024px\" \/><\/figure>\n\n\n\n<figure class=\"wp-block-image size-large\"><img loading=\"lazy\" decoding=\"async\" width=\"768\" height=\"1024\" data-id=\"955\" src=\"https:\/\/ugard.org\/wp-content\/uploads\/2025\/05\/photo_2025-05-07_12-55-07-768x1024.jpg\" alt=\"\" class=\"wp-image-955\" srcset=\"https:\/\/ugard.org.tr\/wp-content\/uploads\/2025\/05\/photo_2025-05-07_12-55-07-768x1024.jpg 768w, https:\/\/ugard.org.tr\/wp-content\/uploads\/2025\/05\/photo_2025-05-07_12-55-07-225x300.jpg 225w, https:\/\/ugard.org.tr\/wp-content\/uploads\/2025\/05\/photo_2025-05-07_12-55-07.jpg 960w\" sizes=\"auto, (max-width: 768px) 100vw, 768px\" \/><\/figure>\n\n\n\n<figure class=\"wp-block-image size-large\"><img loading=\"lazy\" decoding=\"async\" width=\"768\" height=\"1024\" data-id=\"957\" src=\"https:\/\/ugard.org\/wp-content\/uploads\/2025\/05\/photo_2025-05-07_12-55-04-768x1024.jpg\" alt=\"\" class=\"wp-image-957\" srcset=\"https:\/\/ugard.org.tr\/wp-content\/uploads\/2025\/05\/photo_2025-05-07_12-55-04-768x1024.jpg 768w, https:\/\/ugard.org.tr\/wp-content\/uploads\/2025\/05\/photo_2025-05-07_12-55-04-225x300.jpg 225w, https:\/\/ugard.org.tr\/wp-content\/uploads\/2025\/05\/photo_2025-05-07_12-55-04.jpg 960w\" sizes=\"auto, (max-width: 768px) 100vw, 768px\" \/><\/figure>\n\n\n\n<figure class=\"wp-block-image size-large\"><img loading=\"lazy\" decoding=\"async\" width=\"1024\" height=\"768\" data-id=\"956\" src=\"https:\/\/ugard.org\/wp-content\/uploads\/2025\/05\/photo_2025-05-07_12-55-03-1024x768.jpg\" alt=\"\" class=\"wp-image-956\" srcset=\"https:\/\/ugard.org.tr\/wp-content\/uploads\/2025\/05\/photo_2025-05-07_12-55-03-1024x768.jpg 1024w, https:\/\/ugard.org.tr\/wp-content\/uploads\/2025\/05\/photo_2025-05-07_12-55-03-300x225.jpg 300w, https:\/\/ugard.org.tr\/wp-content\/uploads\/2025\/05\/photo_2025-05-07_12-55-03-768x576.jpg 768w, https:\/\/ugard.org.tr\/wp-content\/uploads\/2025\/05\/photo_2025-05-07_12-55-03.jpg 1280w\" sizes=\"auto, (max-width: 1024px) 100vw, 1024px\" \/><\/figure>\n<\/figure>\n","protected":false},"excerpt":{"rendered":"<p>Gen\u00e7lik ve Spor Bakanl\u0131\u011f\u0131 Gen\u00e7lik Hizmetleri \u00dcN\u0130DES program\u0131 kapsam\u0131nda, Etik ve Sosyal Hizmet Toplulu\u011fu\u2019nun y\u00fcr\u00fct\u00fcc\u00fcl\u00fc\u011f\u00fcnde ve Uluslararas\u0131 Gen\u00e7 Aray\u0131\u015f Derne\u011fi\u2019nin payda\u015f oldu\u011fu \u201cAfetler Ayr\u0131m Yapmaz\u201d projesi i\u00e7in bir araya geldik! \u0130lk etkinli\u011fimiz 3-4 May\u0131s tarihlerinde \u201cEngellilikte Hak Temelli Yakla\u015f\u0131m ve Engel Gruplar\u0131nda \u0130leti\u015fim\u201d e\u011fitimi at\u00f6lye ve etkinliklerle ger\u00e7ekle\u015ftirdik. #engelliliktefark\u0131ndal\u0131k #afetlerayr\u0131myapmaz #\u00fcnides #gen\u00e7liksporbakanl\u0131\u011f\u0131<\/p>\n","protected":false},"author":1,"featured_media":956,"comment_status":"closed","ping_status":"open","sticky":false,"template":"","format":"standard","meta":{"footnotes":""},"categories":[10,9],"tags":[5,31,7,23,6,8,42,17],"class_list":["post-953","post","type-post","status-publish","format-standard","has-post-thumbnail","hentry","category-duyuru","category-haberler","tag-engelli-haklari","tag-erasmus","tag-genclik","tag-gonulluluk","tag-platform","tag-savunuculuk","tag-sivil-toplum","tag-uye"],"_links":{"self":[{"href":"https:\/\/ugard.org.tr\/index.php\/wp-json\/wp\/v2\/posts\/953","targetHints":{"allow":["GET"]}}],"collection":[{"href":"https:\/\/ugard.org.tr\/index.php\/wp-json\/wp\/v2\/posts"}],"about":[{"href":"https:\/\/ugard.org.tr\/index.php\/wp-json\/wp\/v2\/types\/post"}],"author":[{"embeddable":true,"href":"https:\/\/ugard.org.tr\/index.php\/wp-json\/wp\/v2\/users\/1"}],"replies":[{"embeddable":true,"href":"https:\/\/ugard.org.tr\/index.php\/wp-json\/wp\/v2\/comments?post=953"}],"version-history":[{"count":0,"href":"https:\/\/ugard.org.tr\/index.php\/wp-json\/wp\/v2\/posts\/953\/revisions"}],"wp:featuredmedia":[{"embeddable":true,"href":"https:\/\/ugard.org.tr\/index.php\/wp-json\/wp\/v2\/media\/956"}],"wp:attachment":[{"href":"https:\/\/ugard.org.tr\/index.php\/wp-json\/wp\/v2\/media?parent=953"}],"wp:term":[{"taxonomy":"category","embeddable":true,"href":"https:\/\/ugard.org.tr\/index.php\/wp-json\/wp\/v2\/categories?post=953"},{"taxonomy":"post_tag","embeddable":true,"href":"https:\/\/ugard.org.tr\/index.php\/wp-json\/wp\/v2\/tags?post=953"}],"curies":[{"name":"wp","href":"https:\/\/api.w.org\/{rel}","templated":true}]}}