{"id":960,"date":"2025-05-13T18:37:59","date_gmt":"2025-05-13T18:37:59","guid":{"rendered":"https:\/\/ugard.org\/?p=960"},"modified":"2025-05-13T18:38:20","modified_gmt":"2025-05-13T18:38:20","slug":"afetler-ayrim-yapmaz-projesi-kapsaminda-proje-gelistirme-egitimi-tamamlandi","status":"publish","type":"post","link":"https:\/\/ugard.org.tr\/index.php\/2025\/05\/13\/afetler-ayrim-yapmaz-projesi-kapsaminda-proje-gelistirme-egitimi-tamamlandi\/","title":{"rendered":"Afetler Ayr\u0131m Yapmaz projesi kapsam\u0131nda Proje Geli\u015ftirme e\u011fitimi tamamland\u0131!"},"content":{"rendered":"\n<p>Gen\u00e7lik ve Spor Bakanl\u0131\u011f\u0131 Gen\u00e7lik Hizmetleri \u00dcN\u0130DES program\u0131 kapsam\u0131nda, Etik ve Sosyal Hizmet Toplulu\u011fu\u2019nun y\u00fcr\u00fct\u00fcc\u00fcl\u00fc\u011f\u00fcnde ve Uluslararas\u0131 Gen\u00e7 Aray\u0131\u015f Derne\u011fi\u2019nin payda\u015f oldu\u011fu \u201cAfetler Ayr\u0131m Yapmaz\u201d projesinin ikinci etkinli\u011fi 9-11 May\u0131s 2025 tarihleri aras\u0131nda Samsun&#8217;da d\u00fczenlendi. \u201cProje Geli\u015ftirme\u201d ba\u015fl\u0131kl\u0131 e\u011fitim program\u0131, at\u00f6lye ve uygulamal\u0131 etkinliklerle dolu \u00fc\u00e7 g\u00fcnl\u00fck yo\u011fun bir i\u00e7erikle ger\u00e7ekle\u015ftirildi.<\/p>\n\n\n\n<p>Engellilik alan\u0131nda afetlere haz\u0131rl\u0131k ve kapsay\u0131c\u0131 m\u00fcdahale s\u00fcre\u00e7lerine katk\u0131 sa\u011flamay\u0131 ama\u00e7layan e\u011fitimde, kat\u0131l\u0131mc\u0131lar proje y\u00f6netimi, analiz teknikleri, planlama s\u00fcre\u00e7leri ve strateji geli\u015ftirme gibi ba\u015fl\u0131klarda hem teorik hem pratik bilgiler edindi. Grup dinamikleriyle ba\u015flayan etkinlikte SWOT analizi, payda\u015f ve sorun analizi, hedef belirleme ve metin olu\u015fturma gibi \u00e7e\u015fitli \u00e7al\u0131\u015fmalar yap\u0131ld\u0131. Ayr\u0131ca Erasmus+ ve Avrupa Dayan\u0131\u015fma Programlar\u0131 \u00fczerine bilgilendirme oturumlar\u0131yla gen\u00e7lere yeni proje f\u0131rsatlar\u0131 tan\u0131t\u0131ld\u0131.<\/p>\n\n\n\n<p>Afetler Ayr\u0131m Yapmaz Projesi, hem engellilikte fark\u0131ndal\u0131k yaratt\u0131 hem de gen\u00e7lerin afetlere y\u00f6nelik proje \u00fcretme becerilerini geli\u015ftirdi.<br>Birlikte \u00f6\u011frendik, birlikte g\u00fc\u00e7lendik!<\/p>\n\n\n\n<p>#engelliliktefark\u0131ndal\u0131k #afetlerayr\u0131myapmaz #\u00fcnides #gen\u00e7liksporbakanl\u0131\u011f\u0131 #projegeli\u015ftirme<\/p>\n\n\n\n<figure class=\"wp-block-gallery has-nested-images columns-default is-cropped wp-block-gallery-1 is-layout-flex wp-block-gallery-is-layout-flex\">\n<figure class=\"wp-block-image size-large\"><img loading=\"lazy\" decoding=\"async\" width=\"828\" height=\"730\" data-id=\"997\" src=\"https:\/\/ugard.org\/wp-content\/uploads\/2025\/05\/photo_2025-05-13_21-34-17-1.jpg\" alt=\"\" class=\"wp-image-997\" srcset=\"https:\/\/ugard.org.tr\/wp-content\/uploads\/2025\/05\/photo_2025-05-13_21-34-17-1.jpg 828w, https:\/\/ugard.org.tr\/wp-content\/uploads\/2025\/05\/photo_2025-05-13_21-34-17-1-300x264.jpg 300w, https:\/\/ugard.org.tr\/wp-content\/uploads\/2025\/05\/photo_2025-05-13_21-34-17-1-768x677.jpg 768w\" sizes=\"auto, (max-width: 828px) 100vw, 828px\" \/><\/figure>\n\n\n\n<figure class=\"wp-block-image size-large\"><img loading=\"lazy\" decoding=\"async\" width=\"768\" height=\"1024\" data-id=\"999\" src=\"https:\/\/ugard.org\/wp-content\/uploads\/2025\/05\/photo_2025-05-13_21-34-24-1-768x1024.jpg\" alt=\"\" class=\"wp-image-999\" srcset=\"https:\/\/ugard.org.tr\/wp-content\/uploads\/2025\/05\/photo_2025-05-13_21-34-24-1-768x1024.jpg 768w, https:\/\/ugard.org.tr\/wp-content\/uploads\/2025\/05\/photo_2025-05-13_21-34-24-1-225x300.jpg 225w, https:\/\/ugard.org.tr\/wp-content\/uploads\/2025\/05\/photo_2025-05-13_21-34-24-1.jpg 960w\" sizes=\"auto, (max-width: 768px) 100vw, 768px\" \/><\/figure>\n\n\n\n<figure class=\"wp-block-image size-large\"><img loading=\"lazy\" decoding=\"async\" width=\"768\" height=\"1024\" data-id=\"998\" src=\"https:\/\/ugard.org\/wp-content\/uploads\/2025\/05\/photo_2025-05-13_21-34-23-1-768x1024.jpg\" alt=\"\" class=\"wp-image-998\" srcset=\"https:\/\/ugard.org.tr\/wp-content\/uploads\/2025\/05\/photo_2025-05-13_21-34-23-1-768x1024.jpg 768w, https:\/\/ugard.org.tr\/wp-content\/uploads\/2025\/05\/photo_2025-05-13_21-34-23-1-225x300.jpg 225w, https:\/\/ugard.org.tr\/wp-content\/uploads\/2025\/05\/photo_2025-05-13_21-34-23-1.jpg 960w\" sizes=\"auto, (max-width: 768px) 100vw, 768px\" \/><\/figure>\n\n\n\n<figure class=\"wp-block-image size-large\"><img loading=\"lazy\" decoding=\"async\" width=\"768\" height=\"1024\" data-id=\"1001\" src=\"https:\/\/ugard.org\/wp-content\/uploads\/2025\/05\/photo_2025-05-13_21-34-22-1-768x1024.jpg\" alt=\"\" class=\"wp-image-1001\" srcset=\"https:\/\/ugard.org.tr\/wp-content\/uploads\/2025\/05\/photo_2025-05-13_21-34-22-1-768x1024.jpg 768w, https:\/\/ugard.org.tr\/wp-content\/uploads\/2025\/05\/photo_2025-05-13_21-34-22-1-225x300.jpg 225w, https:\/\/ugard.org.tr\/wp-content\/uploads\/2025\/05\/photo_2025-05-13_21-34-22-1.jpg 960w\" sizes=\"auto, (max-width: 768px) 100vw, 768px\" \/><\/figure>\n\n\n\n<figure class=\"wp-block-image size-large\"><img loading=\"lazy\" decoding=\"async\" width=\"768\" height=\"1024\" data-id=\"1000\" src=\"https:\/\/ugard.org\/wp-content\/uploads\/2025\/05\/photo_2025-05-13_21-34-21-1-768x1024.jpg\" alt=\"\" class=\"wp-image-1000\" srcset=\"https:\/\/ugard.org.tr\/wp-content\/uploads\/2025\/05\/photo_2025-05-13_21-34-21-1-768x1024.jpg 768w, https:\/\/ugard.org.tr\/wp-content\/uploads\/2025\/05\/photo_2025-05-13_21-34-21-1-225x300.jpg 225w, https:\/\/ugard.org.tr\/wp-content\/uploads\/2025\/05\/photo_2025-05-13_21-34-21-1.jpg 960w\" sizes=\"auto, (max-width: 768px) 100vw, 768px\" \/><\/figure>\n\n\n\n<figure class=\"wp-block-image size-large\"><img loading=\"lazy\" decoding=\"async\" width=\"1024\" height=\"768\" data-id=\"1002\" src=\"https:\/\/ugard.org\/wp-content\/uploads\/2025\/05\/photo_2025-05-13_21-34-20-1-1024x768.jpg\" alt=\"\" class=\"wp-image-1002\" srcset=\"https:\/\/ugard.org.tr\/wp-content\/uploads\/2025\/05\/photo_2025-05-13_21-34-20-1-1024x768.jpg 1024w, https:\/\/ugard.org.tr\/wp-content\/uploads\/2025\/05\/photo_2025-05-13_21-34-20-1-300x225.jpg 300w, https:\/\/ugard.org.tr\/wp-content\/uploads\/2025\/05\/photo_2025-05-13_21-34-20-1-768x576.jpg 768w, https:\/\/ugard.org.tr\/wp-content\/uploads\/2025\/05\/photo_2025-05-13_21-34-20-1.jpg 1280w\" sizes=\"auto, (max-width: 1024px) 100vw, 1024px\" \/><\/figure>\n\n\n\n<figure class=\"wp-block-image size-large\"><img loading=\"lazy\" decoding=\"async\" width=\"1024\" height=\"768\" data-id=\"1003\" src=\"https:\/\/ugard.org\/wp-content\/uploads\/2025\/05\/photo_2025-05-13_21-34-19-2-1-1024x768.jpg\" alt=\"\" class=\"wp-image-1003\" srcset=\"https:\/\/ugard.org.tr\/wp-content\/uploads\/2025\/05\/photo_2025-05-13_21-34-19-2-1-1024x768.jpg 1024w, https:\/\/ugard.org.tr\/wp-content\/uploads\/2025\/05\/photo_2025-05-13_21-34-19-2-1-300x225.jpg 300w, https:\/\/ugard.org.tr\/wp-content\/uploads\/2025\/05\/photo_2025-05-13_21-34-19-2-1-768x576.jpg 768w, https:\/\/ugard.org.tr\/wp-content\/uploads\/2025\/05\/photo_2025-05-13_21-34-19-2-1.jpg 1280w\" sizes=\"auto, (max-width: 1024px) 100vw, 1024px\" \/><\/figure>\n\n\n\n<figure class=\"wp-block-image size-large\"><img loading=\"lazy\" decoding=\"async\" width=\"1024\" height=\"768\" data-id=\"1004\" src=\"https:\/\/ugard.org\/wp-content\/uploads\/2025\/05\/photo_2025-05-13_21-34-19-1-1024x768.jpg\" alt=\"\" class=\"wp-image-1004\" srcset=\"https:\/\/ugard.org.tr\/wp-content\/uploads\/2025\/05\/photo_2025-05-13_21-34-19-1-1024x768.jpg 1024w, https:\/\/ugard.org.tr\/wp-content\/uploads\/2025\/05\/photo_2025-05-13_21-34-19-1-300x225.jpg 300w, https:\/\/ugard.org.tr\/wp-content\/uploads\/2025\/05\/photo_2025-05-13_21-34-19-1-768x576.jpg 768w, https:\/\/ugard.org.tr\/wp-content\/uploads\/2025\/05\/photo_2025-05-13_21-34-19-1.jpg 1280w\" sizes=\"auto, (max-width: 1024px) 100vw, 1024px\" \/><\/figure>\n<\/figure>\n","protected":false},"excerpt":{"rendered":"<p>Gen\u00e7lik ve Spor Bakanl\u0131\u011f\u0131 Gen\u00e7lik Hizmetleri \u00dcN\u0130DES program\u0131 kapsam\u0131nda, Etik ve Sosyal Hizmet Toplulu\u011fu\u2019nun y\u00fcr\u00fct\u00fcc\u00fcl\u00fc\u011f\u00fcnde ve Uluslararas\u0131 Gen\u00e7 Aray\u0131\u015f Derne\u011fi\u2019nin payda\u015f oldu\u011fu \u201cAfetler Ayr\u0131m Yapmaz\u201d projesinin ikinci etkinli\u011fi 9-11 May\u0131s 2025 tarihleri aras\u0131nda Samsun&#8217;da d\u00fczenlendi. \u201cProje Geli\u015ftirme\u201d ba\u015fl\u0131kl\u0131 e\u011fitim program\u0131, at\u00f6lye ve uygulamal\u0131 etkinliklerle dolu \u00fc\u00e7 g\u00fcnl\u00fck yo\u011fun bir i\u00e7erikle ger\u00e7ekle\u015ftirildi. Engellilik alan\u0131nda afetlere haz\u0131rl\u0131k [&hellip;]<\/p>\n","protected":false},"author":1,"featured_media":996,"comment_status":"closed","ping_status":"open","sticky":false,"template":"","format":"standard","meta":{"footnotes":""},"categories":[10,9],"tags":[5,31,7,18,23,6,8,42,17],"class_list":["post-960","post","type-post","status-publish","format-standard","has-post-thumbnail","hentry","category-duyuru","category-haberler","tag-engelli-haklari","tag-erasmus","tag-genclik","tag-gonullu","tag-gonulluluk","tag-platform","tag-savunuculuk","tag-sivil-toplum","tag-uye"],"_links":{"self":[{"href":"https:\/\/ugard.org.tr\/index.php\/wp-json\/wp\/v2\/posts\/960","targetHints":{"allow":["GET"]}}],"collection":[{"href":"https:\/\/ugard.org.tr\/index.php\/wp-json\/wp\/v2\/posts"}],"about":[{"href":"https:\/\/ugard.org.tr\/index.php\/wp-json\/wp\/v2\/types\/post"}],"author":[{"embeddable":true,"href":"https:\/\/ugard.org.tr\/index.php\/wp-json\/wp\/v2\/users\/1"}],"replies":[{"embeddable":true,"href":"https:\/\/ugard.org.tr\/index.php\/wp-json\/wp\/v2\/comments?post=960"}],"version-history":[{"count":0,"href":"https:\/\/ugard.org.tr\/index.php\/wp-json\/wp\/v2\/posts\/960\/revisions"}],"wp:featuredmedia":[{"embeddable":true,"href":"https:\/\/ugard.org.tr\/index.php\/wp-json\/wp\/v2\/media\/996"}],"wp:attachment":[{"href":"https:\/\/ugard.org.tr\/index.php\/wp-json\/wp\/v2\/media?parent=960"}],"wp:term":[{"taxonomy":"category","embeddable":true,"href":"https:\/\/ugard.org.tr\/index.php\/wp-json\/wp\/v2\/categories?post=960"},{"taxonomy":"post_tag","embeddable":true,"href":"https:\/\/ugard.org.tr\/index.php\/wp-json\/wp\/v2\/tags?post=960"}],"curies":[{"name":"wp","href":"https:\/\/api.w.org\/{rel}","templated":true}]}}